{"id":29511,"date":"2025-12-02T17:13:43","date_gmt":"2025-12-02T16:13:43","guid":{"rendered":"https:\/\/vrtecpriosjakobskidol.splet.arnes.si\/?p=29511"},"modified":"2025-12-02T17:27:43","modified_gmt":"2025-12-02T16:27:43","slug":"dedek-mraz-prihaja-med-nas-2","status":"publish","type":"post","link":"https:\/\/vrtecpriosjakobskidol.splet.arnes.si\/?p=29511","title":{"rendered":"Dedek Mraz prihaja med nas"},"content":{"rendered":"<div>\n<p><img decoding=\"async\" src=\"https:\/\/szjwj.mjt.lu\/img2\/szjwj\/ec835778-a187-477e-b000-7f7864a36fba\/content\" alt=\"naSLOVNICA.png\"\/><\/p>\n<p><img decoding=\"async\" src=\"https:\/\/szjwj.mjt.lu\/img2\/szjwj\/48c3c93c-4cd6-447a-acf5-17f74f92a56d\/content\" alt=\"frosty-winter-reading-stockcake.jpg\"\/><\/p>\n<p style=\"text-align: center\"><strong>PRIHOD &#8211;<\/strong><strong> sobota, 6. december 2025, <\/strong><strong>ob 17.00 Sne\u017eni stadion pod Pohorjem<\/strong><\/p>\n<p style=\"text-align: center\">Repek gor, repek dol, zaple\u0161i z nami Maribor!<\/p>\n<p style=\"text-align: center\">Dedka Mraza bomo pri\u010dakali z Rokom Trkajem in Repki!<\/p>\n<p><img decoding=\"async\" class=\"aligncenter\" src=\"https:\/\/szjwj.mjt.lu\/img2\/szjwj\/6b94ede3-099d-45b4-90b9-d40b9334260d\/content\" alt=\"Cunjami.png\"\/><\/p>\n<p style=\"text-align: center\"><strong>SPREVODI&nbsp;<\/strong>&nbsp;<\/p>\n<p style=\"text-align: center\"><strong>9. december<\/strong> \u2013 RAZVANJE, TABOR, MAGDALENA<\/p>\n<p style=\"text-align: center\"><strong>11. december<\/strong> \u2013 LIMBU\u0160, PEKRE, RADVANJE<\/p>\n<p style=\"text-align: center\"><strong>12. december<\/strong> \u2013 POBRE\u017dJE, MALE\u010cNIK<\/p>\n<p style=\"text-align: center\"><strong>16. december<\/strong> \u2013 KAMNICA, KORO\u0160KA VRATA<\/p>\n<p style=\"text-align: center\"><strong>17. december<\/strong> \u2013 BREZJE, TEZNO<\/p>\n<p style=\"text-align: center\"><strong>18. december<\/strong> \u2013 STUDENCI, NOVA VAS<\/p>\n<p><img decoding=\"async\" class=\"aligncenter\" src=\"https:\/\/szjwj.mjt.lu\/img2\/szjwj\/f84f1af3-938e-49dd-95f8-7d8d1a678a5b\/content\" alt=\"576918487_1146183087713248_4966202159270757097_n.jpg\"\/><\/p>\n<p style=\"text-align: center\"><strong>SLOVO &#8211;<\/strong><strong>&nbsp;ponedeljek, 29. december 2025,&nbsp;<\/strong><\/p>\n<p style=\"text-align: center\">Preden se bo Dedek Mraz za dobro leto znova odpravil proti belim pohorskim gozdovom, nam bo \u0161e zadnji\u010d veselo pomahal ter nam za\u017eelel toplino, radost in pogum za nove za\u010detke.<\/p>\n<p style=\"text-align: center\">16.30 \u2013 Europark \u2013 predstava \u010darovnika Grege<\/p>\n<p style=\"text-align: center\">17.00 \u2013 Vetrinjski dvor \u2013 prazni\u010dna pisarna veselja<\/p>\n<p style=\"text-align: center\">17.30 \u2013 Trg Leona \u0160tuklja \u2013 nastop KUD Coda<\/p>\n<p style=\"text-align: center\">Ujemimo \u0161e zadnje utrinke prazni\u010dne \u010darobnosti. Naslednje leto se spet vrne \u2013 do takrat pa naj nas grejejo lepi spomini.<\/p>\n<\/div>\n","protected":false},"excerpt":{"rendered":"<p>PRIHOD &#8211; sobota, 6. december 2025, ob 17.00 Sne\u017eni stadion pod Pohorjem Repek gor, repek dol, zaple\u0161i z nami Maribor! Dedka Mraza bomo pri\u010dakali z Rokom Trkajem in Repki! SPREVODI&nbsp;&nbsp; 9. december \u2013 RAZVANJE, TABOR, MAGDALENA 11. december \u2013 LIMBU\u0160, PEKRE, RADVANJE 12. december \u2013 POBRE\u017dJE, MALE\u010cNIK 16. december \u2013 KAMNICA, KORO\u0160KA VRATA 17. december [&hellip;]<\/p>\n","protected":false},"author":119933,"featured_media":0,"comment_status":"closed","ping_status":"closed","sticky":false,"template":"","format":"standard","meta":{"_et_pb_use_builder":"","_et_pb_old_content":"","_et_gb_content_width":"","ngg_post_thumbnail":0,"footnotes":""},"categories":[1],"tags":[],"class_list":["post-29511","post","type-post","status-publish","format-standard","hentry","category-nekategorizirano"],"_links":{"self":[{"href":"https:\/\/vrtecpriosjakobskidol.splet.arnes.si\/index.php?rest_route=\/wp\/v2\/posts\/29511","targetHints":{"allow":["GET"]}}],"collection":[{"href":"https:\/\/vrtecpriosjakobskidol.splet.arnes.si\/index.php?rest_route=\/wp\/v2\/posts"}],"about":[{"href":"https:\/\/vrtecpriosjakobskidol.splet.arnes.si\/index.php?rest_route=\/wp\/v2\/types\/post"}],"author":[{"embeddable":true,"href":"https:\/\/vrtecpriosjakobskidol.splet.arnes.si\/index.php?rest_route=\/wp\/v2\/users\/119933"}],"replies":[{"embeddable":true,"href":"https:\/\/vrtecpriosjakobskidol.splet.arnes.si\/index.php?rest_route=%2Fwp%2Fv2%2Fcomments&post=29511"}],"version-history":[{"count":6,"href":"https:\/\/vrtecpriosjakobskidol.splet.arnes.si\/index.php?rest_route=\/wp\/v2\/posts\/29511\/revisions"}],"predecessor-version":[{"id":29519,"href":"https:\/\/vrtecpriosjakobskidol.splet.arnes.si\/index.php?rest_route=\/wp\/v2\/posts\/29511\/revisions\/29519"}],"wp:attachment":[{"href":"https:\/\/vrtecpriosjakobskidol.splet.arnes.si\/index.php?rest_route=%2Fwp%2Fv2%2Fmedia&parent=29511"}],"wp:term":[{"taxonomy":"category","embeddable":true,"href":"https:\/\/vrtecpriosjakobskidol.splet.arnes.si\/index.php?rest_route=%2Fwp%2Fv2%2Fcategories&post=29511"},{"taxonomy":"post_tag","embeddable":true,"href":"https:\/\/vrtecpriosjakobskidol.splet.arnes.si\/index.php?rest_route=%2Fwp%2Fv2%2Ftags&post=29511"}],"curies":[{"name":"wp","href":"https:\/\/api.w.org\/{rel}","templated":true}]}}